{"id":369,"date":"2021-11-07T13:58:33","date_gmt":"2021-11-07T12:58:33","guid":{"rendered":"https:\/\/workerbase.org\/wordpress\/?p=369"},"modified":"2021-11-20T15:49:58","modified_gmt":"2021-11-20T14:49:58","slug":"gparted-e-partizionamenti-delle-memorie","status":"publish","type":"post","link":"https:\/\/arkenidar.com\/wordpress\/2021\/11\/07\/gparted-e-partizionamenti-delle-memorie\/","title":{"rendered":"GParted e partizionamenti delle memorie"},"content":{"rendered":"\n<figure class=\"wp-block-image size-large\"><a href=\"https:\/\/arkenidar.com\/screens\/Screenshot%202021-11-07%2013:52:50--GParted-kazaam.png\"><img decoding=\"async\" src=\"https:\/\/arkenidar.com\/screens\/Screenshot%202021-11-07%2013:52:50--GParted-kazaam.png\" alt=\"\"\/><\/a><figcaption>GParted da Debian11<\/figcaption><\/figure>\n\n\n\n<p>Ecco un &#8220;\/dev\/sda&#8221; (disco interno) partizionato. Ci sono partizioni (ovvero suddivisioni), per le necessit\u00e0 di memoria di ben 4 Sistemi Operativi: MS Windows10, Ubuntu 21.10, Fedora 35, Debian11.<\/p>\n\n\n\n<p>Come nota aggiuntiva dico che: \u00e8 bene ricordare di non interrompere le operazioni di manutenzione ad esempio quelle di GParted perch\u00e9 si potrebbero perdere strutturazioni di dati e quindi dati. Una volta iniziate terminarle ed assicurarsi di avere disponibili tempo, alimentazione elettrica. Fare comunque backups anche appoggiandosi a DropBox etc.<\/p>\n\n\n\n<p>E non ultimo per modificare una partizione non deve essere in uso: ad esempio ho ampliato mediante GParted la partizione Debian non da Debian avviato ma da Ubuntu avviato perch\u00e9 cos\u00ec la partizione Debian da modificare non era in uso e quindi modificabile.<\/p>\n\n\n\n<p>Se potete appoggiarvi a sufficientemente esperti potrebbe risultare meglio, o anche nel tempo divenire esperti. Se c&#8217;\u00e8 possibilit\u00e0 di perdita di dati \u00e8 una responsabilit\u00e0.<\/p>\n\n\n\n<p>Altra cosa: allocare cio\u00e8 assegnare risorse per usarle \u00e8 una cosa tattica per cos\u00ec dire. Dividete l&#8217;hard disk in modo tattico per non avere problemi futuri strada facendo.<\/p>\n\n\n\n<p>Mentre in quanto a multi-boot di compresenza di sistemi operativi consiglio imparare di pi\u00f9 su GRUB e sulla eventuale presenza di un sistema recente con UEFI e non un vecchio BIOS senza: UEFI agevola il multi-boot tenendo copie separate di GRUB + boot di Windows (io ho pi\u00f9 di 4 voci di avvio nel UEFI anche per vecchi sistemi, e Microsoft Windows (!) che pu\u00f2 essere avviato cos\u00ec anche senza GRUB, che \u00e8 tipicamente un boot loader della famiglia Linux)<\/p>\n","protected":false},"excerpt":{"rendered":"<p>Ecco un &#8220;\/dev\/sda&#8221; (disco interno) partizionato. Ci sono partizioni (ovvero suddivisioni), per le necessit\u00e0 di memoria di ben 4 Sistemi Operativi: MS Windows10, Ubuntu 21.10, Fedora 35, Debian11. Come nota aggiuntiva dico che: \u00e8 bene ricordare di non interrompere le operazioni di manutenzione ad esempio quelle di GParted perch\u00e9 si potrebbero perdere strutturazioni di dati [&hellip;]<\/p>\n","protected":false},"author":1,"featured_media":0,"comment_status":"open","ping_status":"open","sticky":false,"template":"","format":"standard","meta":{"footnotes":""},"categories":[22],"tags":[],"class_list":["post-369","post","type-post","status-publish","format-standard","hentry","category-computer"],"_links":{"self":[{"href":"https:\/\/arkenidar.com\/wordpress\/wp-json\/wp\/v2\/posts\/369","targetHints":{"allow":["GET"]}}],"collection":[{"href":"https:\/\/arkenidar.com\/wordpress\/wp-json\/wp\/v2\/posts"}],"about":[{"href":"https:\/\/arkenidar.com\/wordpress\/wp-json\/wp\/v2\/types\/post"}],"author":[{"embeddable":true,"href":"https:\/\/arkenidar.com\/wordpress\/wp-json\/wp\/v2\/users\/1"}],"replies":[{"embeddable":true,"href":"https:\/\/arkenidar.com\/wordpress\/wp-json\/wp\/v2\/comments?post=369"}],"version-history":[{"count":6,"href":"https:\/\/arkenidar.com\/wordpress\/wp-json\/wp\/v2\/posts\/369\/revisions"}],"predecessor-version":[{"id":376,"href":"https:\/\/arkenidar.com\/wordpress\/wp-json\/wp\/v2\/posts\/369\/revisions\/376"}],"wp:attachment":[{"href":"https:\/\/arkenidar.com\/wordpress\/wp-json\/wp\/v2\/media?parent=369"}],"wp:term":[{"taxonomy":"category","embeddable":true,"href":"https:\/\/arkenidar.com\/wordpress\/wp-json\/wp\/v2\/categories?post=369"},{"taxonomy":"post_tag","embeddable":true,"href":"https:\/\/arkenidar.com\/wordpress\/wp-json\/wp\/v2\/tags?post=369"}],"curies":[{"name":"wp","href":"https:\/\/api.w.org\/{rel}","templated":true}]}}